{"id":156,"date":"2012-12-19T09:41:00","date_gmt":"2012-12-19T09:41:00","guid":{"rendered":"http:\/\/ecrit.magasins-et-commerces.com\/luc-besson-serie-tv-fk"},"modified":"2016-03-02T17:22:56","modified_gmt":"2016-03-02T17:22:56","slug":"luc-besson-serie-tv-fk","status":"publish","type":"post","link":"https:\/\/scriptdoctor.fr\/boutique\/luc-besson-serie-tv-fk\/","title":{"rendered":"Luc Besson: le nouveau roi de la fiction fran\u00e7aise?"},"content":{"rendered":"<p>Quand TF1 et EuropaTV (la soci\u00e9t\u00e9 de Luc Besson d\u00e9di\u00e9e \u00e0 la production d&rsquo;unitaires et s\u00e9ries t\u00e9l\u00e9 suite au rachat de Cipango) ont annonc\u00e9 d\u00e9but 2012 leur partenariat pour fabriquer des s\u00e9ries internationales, nous attendions tous de voir le r\u00e9sultat. Cela est arriv\u00e9 cette rentr\u00e9e sur TF1 et continuera d&rsquo;arriver pendant tout le courant 2013 avec une s\u00e9rie de productions hexagonales et internationales de grande ampleur.<\/p>\n<p><a name='more'><\/a><br \/>\n<H3>Le partenariat entre les cha\u00eenes fran\u00e7aises comme TF1 et EuropaCorp TV est gagnant-gagnant<\/h3>\n<p>D&rsquo;un c\u00f4t\u00e9 ces cha\u00eenes vont diffuser et vendre des s\u00e9ries \u00e0 l&rsquo;international (nouveaux profits en perspective pour de la production en propre tout en divisant les co\u00fbts avec <a href=\"\/coproduction-internationale-fiction.html\" target=\"_blank\">des coproductions internationales<\/a>), de l&rsquo;autre la soci\u00e9t\u00e9 de production s&rsquo;attire une audience plus large.<\/p>\n<blockquote><p>\nQuand on sait que l&rsquo;exportation des s\u00e9ries fran\u00e7aises \u00e0 l&rsquo;\u00e9tranger rapporte \u00e0 peine 20 millions d&rsquo;euros par an pour l&rsquo;instant (m\u00eame pas le budget d&rsquo;une copro internationale) ;<br \/>\nqu&rsquo;elle ne concerne qu&rsquo;un tout petit nombre de s\u00e9ries surtout faite par Canal+&nbsp;(<i>Engrenages<\/i> sur la BBC 4, <i>Chante<\/i> rebaptis\u00e9e <i>Studio 24<\/i> sur Italia 1 l&rsquo;apr\u00e8s-midi, <i>Borgia<\/i> sur la ZDF en Italie et quelques autres)&nbsp;;<br \/>\net que la plupart du temps, nos s\u00e9ries sont tout simplement refaites avec les savoir-faire \u00e9trangers (<i>Pigalle la Nuit, Braquo, Les Hommes de l&rsquo;Ombre<\/i>) que ce soit pour des fictions de 52&prime; ou pour des formats courts (<i>Camera Caf\u00e9, Vous les Femmes<\/i>)&nbsp;;<br \/>\n<b>on voit que des productions directement en langue anglaise peuvent faire la diff\u00e9rence<\/b>.\n<\/p><\/blockquote>\n<p>Dernier chiffre qui remet bien les pendules \u00e0 l&rsquo;heure&nbsp;:<\/p>\n<blockquote><p>Sur 783 heures de s\u00e9ries fran\u00e7aises diffus\u00e9es en prime time dans les autres pays d&rsquo;Europe, les s\u00e9ries britanniques en comptent 2&nbsp;279\u2026 et les am\u00e9ricaines plus de 20&nbsp;000 (source A. Carraz\u00e9).<\/p><\/blockquote>\n<p>Luc Besson va-t-il pouvoir ainsi changer la donne&nbsp;? On dirait pour le moins qu&rsquo;il va y contribuer s\u00e9rieusement en voyant le listing impressionnant des projets suivants&nbsp;: <\/p>\n<h3>Vive les s\u00e9ries d&rsquo;action \u00e0 l&rsquo;am\u00e9ricaine&nbsp;! <\/h3>\n<ol>\n<li><b>En mode coproduction internationale avec tournage en langue anglaise, sc\u00e9naristes et acteurs stars<\/b>\n<ul>\n<li><u>Sur M6<\/u>&nbsp;:<br \/>\n<u><i>Le transporteur<\/i><\/u>, nouveeau projet d\u00e9clin\u00e9 en s\u00e9rie de 12 x 52&prime; avec Chris Vance dans le r\u00f4le principal de cette coproduction internationale qui fait suite au succ\u00e8s mondial en salles des <a href=\"http:\/\/www.amazon.fr\/gp\/product\/B0058W754O\/ref=as_li_ss_tl?ie=UTF8&amp;tag=highconcep-21&amp;linkCode=as2&amp;camp=1642&amp;creative=19458&amp;creativeASIN=B0058W754O\" rel=\"nofollow\" target=\"_blank\">3 films \u00e9ponymes<\/a>. Aux c\u00f4t\u00e9s de l&rsquo;acteur bankable, nous retrouvons Delphine Chaneac (\u00e9g\u00e9rie M6) et Fran\u00e7ois Berl\u00e9and pour aider le h\u00e9ros \u00e0 se sortir du p\u00e9trin quand il d\u00e9cide de changer ses propres r\u00e8gles et d&rsquo;ouvrir les colis qu&rsquo;il transporte. La premi\u00e8re saison dot\u00e9e d&rsquo;un budget de 35 millions d&rsquo;euros sera diffus\u00e9e en 2012 sur les cha\u00eenes M6 en France, RTL en Allemagne, HBO-Cinemax aux \u00c9tats-Unis, The Movie Network2 et Movie Central3 au Canada. La s\u00e9rie est produite par Atlantique Productions (Klaus Zimmermann), filiale de Lagard\u00e8re Entertainment, en association avec QVF (Susan Murdoch) pour M6, RTL, HBO\/Cinemax, Astral et Corus mais Luc Besson en reste l&rsquo;un des producteurs ex\u00e9cutifs et la s\u00e9rie est distribu\u00e9e par EuropaCorp.<br \/>\nUne exploitation de la <a href=\"http:\/\/www.amazon.fr\/gp\/product\/B004OWXFXE\/ref=as_li_ss_tl?ie=UTF8&amp;tag=highconcep-21&amp;linkCode=as2&amp;camp=1642&amp;creative=19458&amp;creativeASIN=B004OWXFXE\" rel=\"nofollow\" target=\"_blank\">licence <i><u>XIII<\/u><\/i><\/a> (saison 2 en 13 x 45&prime;)&nbsp;: XIII incarn\u00e9 encore une fois par Stuart Townsend, se retrouvera au coeur d&rsquo;un nouveau complot international tout en continuant d&rsquo;enqu\u00eater sur son pass\u00e9. Cr\u00e9\u00e9e par Roger Avary (cosc\u00e9nariste de Pulp Fiction) et produite par Europacorp Television (Thomas Anargyros et Edouard de V\u00e9sinne) et Prodigy Pictures, la saison 2 a un budget de 35 millions de dollars. Tourn\u00e9e en 2012, la saison 2 est diffus\u00e9e actuellement sur Canal+ et en 2013 sur M6 ainsi que sur Global TV au Canada et ReelzTV aux US.<\/li>\n<li><u>Sur Canal+<\/u>&nbsp;:<br \/>\n<u>En 2012&nbsp;: <i>Le vol des cigognes<\/i><\/u>, minis\u00e9rie de 2 x 100&prime;, r\u00e9alis\u00e9e par Jan Kounen avec un casting international parmi lesquels Harry Treadaway et Rutger Hauer et un budget cons\u00e9quent de 10 millions d&rsquo;euros. C&rsquo;est une fresque \u00e9pique et un road movie entre la Bulgarie, Isra\u00ebl, ou encore l&rsquo;Afrique centrale sur fond de thriller, adapt\u00e9e du roman de Jean-Christophe Grang\u00e9. Le pitch&nbsp;: un ornithologue suisse est myst\u00e9rieusement retrouv\u00e9 mort &#8230; dans un nid de cigognes. L&rsquo;\u00e9tudiant qu&rsquo;il avait engag\u00e9, Jonathan, d\u00e9cide de continuer sa mission&nbsp;: suivre la migration des cigognes afin d&rsquo;expliquer la disparition de beaucoup d&rsquo;entre elles lors de la saison pr\u00e9c\u00e9dente. Jonathan sera confront\u00e9 \u00e0 son pass\u00e9 myst\u00e9rieux et \u00e0 un trafic de diamants\u2026<br \/>\n<u>En 2013&nbsp;: <i>La Patrouille Perdue\/The Lost Patrol<\/i><\/u>, une s\u00e9rie de 12 x 52&prime; met en sc\u00e8ne une patrouille de soldats fran\u00e7ais pendant la premi\u00e8re guerre mondiale. La s\u00e9rie suit le capitaine Declerq. En passant devant la Cour martiale, ce dernier \u00e9vite la d\u00e9gradation et la mort en se voyant confier par le Deuxi\u00e8me Bureau une mission qui le conduit au c\u0153ur du no man&rsquo;s land entre les lignes fran\u00e7aises et allemandes. L\u00e0, des \u00e9v\u00e9nements surnaturels semblent se produire, et Declerq a l&rsquo;impression qu&rsquo;il n&rsquo;a pas \u00e9t\u00e9 choisi par hasard. Le tournage est pr\u00e9vu en 2013. <\/li>\n<li><u>Sur TF1<\/u>&nbsp;: <\/li>\n<p><u><i>Taxi<\/i>, la s\u00e9rie<\/u>&nbsp;: annonc\u00e9 \u00e0 La Rochelle, la c\u00e9l\u00e8bre trilogie initi\u00e9e par Luc Besson va \u00eatre adapt\u00e9e en s\u00e9rie internationale en 12 x 52&prime;. Apr\u00e8s <i>No Limit<\/i>, cette nouvelle coproduction confirme l&rsquo;attrait de Besson pour les com\u00e9dies d&rsquo;action. Pour rappel, <i>Taxi<\/i>, le premier volet sorti en 1998 avait r\u00e9v\u00e9l\u00e9 Marion Cotillard, Samy Nac\u00e9ri et Fr\u00e9d\u00e9ric Diefenthal et avait attir\u00e9 6,5 millions de spectateurs. <i>Taxi 2<\/i> sorti en 2000 avait fait mieux encore avec 10,3 millions d&rsquo;entr\u00e9es. En 2003, <i>Taxi 3<\/i> avait rassembl\u00e9 6,1 millions de spectateurs. Nul doute que la franchise a des fans qui attendent avec impatience, cette nouvelle adaptation. Reste \u00e0 savoir qui la production va choisir pour incarner le nouveau trio. <\/p>\n<ul>\n<li>MAJ : c&rsquo;est Stephen Tolkin (sc\u00e9nariste de <i>Brothers &amp; Sisters<\/i>) qui a pris les commandes de l&rsquo;\u00e9criture pour l&rsquo;ensemble des \u00e9pisodes. Le pilote \u00e9tant, quant \u00e0 lui, d\u00e9j\u00e0 \u00e9crit et valid\u00e9. Le tournage de la premi\u00e8re saison commencera en mars \u00e0 Toronto, mais l\u2019action de la s\u00e9rie se situera \u00e0 New-York.<\/li>\n<\/ul>\n<\/ul>\n<\/li>\n<li><b>Sur TF1 pour le march\u00e9 fran\u00e7ais<\/b>&nbsp;:\n<ul>\n<li><u><i>No limit<\/i><\/u>&nbsp;: une mini-s\u00e9rie en 6 x 52&prime; avec Vincent Elbaz en t\u00eate d&rsquo;affiche qui incarne un agent \u00e0 la DGSE atteint d\u2019une maladie incurable, employ\u00e9 par un d\u00e9partement secret qui lui propose un traitement exp\u00e9rimental en \u00e9change de missions sp\u00e9ciales sur le territoire fran\u00e7ais. Il les accepte pour se rapprocher de sa fille, de son ex-femme et de sa soeur, flic \u00e0 la crime. D\u00e9fi pour Vincent, il devra tout en cachant sa maladie et son m\u00e9tier, assumer la crise d\u2019ado de sa fille, les \u00e9tats d\u2019\u00e2me de son ex et la curiosit\u00e9 insatiable de sa soeur flic qui le trouve parfois bien secret pour un simple poseur d\u2019alarmes&#8230; La s\u00e9rie sera lanc\u00e9e le 15 novembre prochain sur TF1.<\/li>\n<ul>\n<li>(MAJ)&nbsp;: avec des audiences moyennes juste en-dessous des 7 millions de t\u00e9l\u00e9spectateurs pour les six premiers \u00e9pisodes, la s\u00e9rie a remport\u00e9 son pari pour TF1. Une saison 2 de 8 \u00e9pisodes de 52 min. a d&rsquo;ores et d\u00e9j\u00e0 \u00e9t\u00e9 command\u00e9e.<\/li>\n<\/ul>\n<li><u><i>Les Sous-Dou\u00e9s (nouveaut\u00e9)<\/i><\/u>&nbsp;seront adapt\u00e9s en s\u00e9rie de 12 x 52&prime; par S\u00e9bastien Azzopardi et Sacha Danino. Le projet est toujours en cours d\u2019\u00e9criture et sera diffus\u00e9 sur TF1, a priori, en 2013.<\/li>\n<li><u><i>Nom de code&nbsp;: Rose<\/i><\/u>&nbsp;est un t\u00e9l\u00e9film en deux parties \u00ab l\u00e9g\u00e8rement \u00bb inspir\u00e9 de l&rsquo;ancienne s\u00e9rie US des ann\u00e9es 1980 <i><a href=\"http:\/\/www.amazon.fr\/gp\/product\/B00005JOJR\/ref=as_li_ss_tl?ie=UTF8&amp;tag=highconcep-21&amp;linkCode=as2&amp;camp=1642&amp;creative=19458&amp;creativeASIN=B00005JOJR\" rel=\"nofollow\" target=\"_blank\">Scarecrow &amp; Mrs King (Les deux font la paire)<\/a>,<\/i> qui suit Margot Chapelier (Claire Keim), une m\u00e8re au foyer de trois enfants, qui accepte de jouer les agents secrets pour le compte de FX, un agent de la DCRI, qui a besoin d\u2019elle pour obtenir des renseignements top secrets au sein de la soci\u00e9t\u00e9 d&rsquo;import-export o\u00f9 elle travaille. Margot se donne bonne conscience en sauvant ainsi sa maison de famille, mais assouvit surtout ses r\u00eaves d&rsquo;\u00e9vasion d&rsquo;un quotidien un peu morne. Men\u00e9 par Arnault Mercadier \u00e0 la r\u00e9alisation, le tournage s\u2019est achev\u00e9 d\u00e9but ao\u00fbt.<\/li>\n<li><i>Remarque&nbsp;: il n&rsquo;est pas \u00e0 douter que ces projets auront des suites en cas de bonnes audiences.<\/i><\/li>\n<\/ul>\n<\/li>\n<li><b>Sur France 2 (nouveaut\u00e9)<\/b>&nbsp;:\n<ul>\n<li><u><i>Le Passager<\/i><\/u>&nbsp;: projet adapt\u00e9 lui aussi&nbsp;d&rsquo;un roman de Jean-Christophe Grang\u00e9&nbsp;en 6 \u00d7 52&prime;. Cette mini-s\u00e9rie met en sc\u00e8ne Mathias Freire, un psychiatre d\u00e9sabus\u00e9 qui re\u00e7oit un nouveau patient qui a perdu la m\u00e9moire du jour au lendemain. L&rsquo;homme en question a par ailleurs \u00e9t\u00e9 retrouv\u00e9 proche d&rsquo;une sc\u00e8ne de crime bestiale. Au cours de la psychanalyse, le psychiatre est troubl\u00e9 par son patient en qui il se reconnait. Serait-il lui aussi un \u00ab&nbsp;passager sans bagages&nbsp;\u00bb qui a perdu la m\u00e9moire&nbsp;? Et si oui, notre psychiatre redeviendra-t-il un hors-la-loi pourchassant son possible pass\u00e9 de tueur&nbsp;? <\/li>\n<\/ul>\n<\/li>\n<li><b>Sur France 3 (nouveaut\u00e9)<\/b>&nbsp;:\n<ul>\n<li><u>Une collection de t\u00e9l\u00e9films adapt\u00e9s des polars de Mary Higgins Clark<\/u> est en d\u00e9veloppement sous l&rsquo;\u00e9gide de Claire Le Mar\u00e9chal (<i>Plus belle la vie, Fais pas ci, fais pas \u00e7a<\/i>).\n<\/li>\n<\/ul>\n<\/li>\n<li><b>Sur ARTE (nouveaut\u00e9)<\/b>&nbsp;:\n<ul>\n<li><u>Une adaptation de la bande dessin\u00e9e <i>L\u2019Ordre de Cic\u00e9ron<\/i><\/u> est en d\u00e9veloppement.\n<\/li>\n<\/ul>\n<\/li>\n<\/ol>\n<h3>Que retenir&nbsp;: \u00e7a bouge au pays du fromage et des s\u00e9ries cheesy<\/h3>\n<p>Avec cette per\u00e7\u00e9e en fiction, je n&rsquo;ose plus dire \u00ab&nbsp;fran\u00e7aise&nbsp;\u00bb, Luc Besson et ses amis ne sont pas les premiers \u00e0 comprendre que la langue est un premier obstacle \u00e0 surmonter pour pouvoir faire du business avec une s\u00e9rie, de m\u00eame que le format qui doit \u00eatre le m\u00eame qu&rsquo;une s\u00e9rie am\u00e9ricaine&nbsp;:<\/p>\n<blockquote>\n<ul>\n<li>entre 45 et 50 minutes par \u00e9pisode pour une s\u00e9rie dramatique&nbsp;;\n<\/li>\n<li>entre 21 et 25 minutes pour une com\u00e9die.\n<\/li>\n<li>Il faut d&rsquo;ailleurs produire directement en saisons de 12 \u00e9pisodes au moins pour tenir l&rsquo;antenne.\n<\/li>\n<li>Les mini-s\u00e9ries continuent d&rsquo;exister mais servent avant tout de test :&nbsp;<i>No limit<\/i> l&rsquo;a r\u00e9ussi avec succ\u00e8s et une saison 2 est d&rsquo;ores et d\u00e9j\u00e0 en cours d&rsquo;\u00e9criture.<\/li>\n<\/ul>\n<\/blockquote>\n<p>Alors que Canal+ affiche clairement ses ambitions de se positionner en leader du march\u00e9 (<a href=\"\/canal-espoir-fiction-francaise.html\" target=\"_blank\">cf. l&rsquo;ensemble de son offre pour 2013<\/a>) pour les fictions fran\u00e7aises \u00e0 langue anglaise.<\/p>\n<h3>Les autres cha\u00eenes comme TF1, M6 et France TV se mettent \u00e0 la copro mais \u00e9vitent soigneusement de communiquer sur le sujet<\/h3>\n<blockquote>\n<ul>\n<li>France 2 ne fait aucun commentaire sur sa copro avec la BBC <i>Death in Paradise<\/i>,\n<\/li>\n<li>tandis que M6 d\u00e9cide simplement de ne pas en parler du tout.\n<\/li>\n<li>TF1 se contente quant \u00e0 elle d&rsquo;ajouter que cette offre est compl\u00e9mentaire au reste de sa production de fiction.<\/li>\n<\/ul>\n<\/blockquote>\n<p>Si le temps est venu ainsi de produire en se jetant sur le savoir-faire d&rsquo;un Luc Besson par exemple (et d&rsquo;autres grands groupes rassurants), il n&rsquo;est pas encore venu celui d&rsquo;en faire la publicit\u00e9 qui g\u00eanerait bien entendu les d\u00e9fenseurs de la cr\u00e9ation originale en langue fran\u00e7aise, CNC, sc\u00e9naristes et petits producteurs fran\u00e7ais bien entendu, qui ont le plus \u00e0 perdre avec ce type de programmes directement faits pour l&rsquo;international (d&rsquo;o\u00f9 aussi l&rsquo;envie de s&rsquo;adresser \u00e0 un public fran\u00e7ais avec l&rsquo;ensemble des autres projets du groupe). Loin d&rsquo;\u00eatre oppos\u00e9es, les deux offres pourraient donc \u00eatre compl\u00e9mentaires et profiter \u00e0 tout le monde&#8230;<br \/>\nPr\u00e9-raz de mar\u00e9e, ou tendance r\u00e9serv\u00e9e \u00e0 un certain type de programmes, nous verrons bien comment le public fran\u00e7ais va accueillir l&rsquo;ensemble de ces nouvelles productions. Cela semble sentir plut\u00f4t bon au niveau des premi\u00e8res audiences&#8230; Il semblerait donc que nous n&rsquo;ayons pas fini d&rsquo;en entendre parler. Qu&rsquo;en pensez-vous&nbsp;?<\/p>\n","protected":false},"excerpt":{"rendered":"<p>Quand TF1 et EuropaTV (la soci\u00e9t\u00e9 de Luc Besson d\u00e9di\u00e9e \u00e0 la production d&rsquo;unitaires et s\u00e9ries t\u00e9l\u00e9 suite au rachat de Cipango) ont annonc\u00e9 d\u00e9but 2012 leur partenariat pour fabriquer des s\u00e9ries internationales, nous attendions tous de voir le r\u00e9sultat. Cela est arriv\u00e9 cette rentr\u00e9e sur TF1 et continuera d&rsquo;arriver pendant tout le courant 2013 [&hellip;]<\/p>\n","protected":false},"author":164,"featured_media":0,"comment_status":"open","ping_status":"open","sticky":false,"template":"","format":"standard","meta":{"_genesis_hide_title":false,"_genesis_hide_breadcrumbs":false,"_genesis_hide_singular_image":false,"_genesis_hide_footer_widgets":false,"_genesis_custom_body_class":"","_genesis_custom_post_class":"","_genesis_layout":"","footnotes":""},"categories":[256,255],"tags":[6],"class_list":{"0":"post-156","1":"post","2":"type-post","3":"status-publish","4":"format-standard","6":"category-blog-scenario","7":"category-news-media","8":"tag-veille-metier-scenariste-production-audiovisuelle","9":"entry"},"_links":{"self":[{"href":"https:\/\/scriptdoctor.fr\/boutique\/wp-json\/wp\/v2\/posts\/156","targetHints":{"allow":["GET"]}}],"collection":[{"href":"https:\/\/scriptdoctor.fr\/boutique\/wp-json\/wp\/v2\/posts"}],"about":[{"href":"https:\/\/scriptdoctor.fr\/boutique\/wp-json\/wp\/v2\/types\/post"}],"author":[{"embeddable":true,"href":"https:\/\/scriptdoctor.fr\/boutique\/wp-json\/wp\/v2\/users\/164"}],"replies":[{"embeddable":true,"href":"https:\/\/scriptdoctor.fr\/boutique\/wp-json\/wp\/v2\/comments?post=156"}],"version-history":[{"count":1,"href":"https:\/\/scriptdoctor.fr\/boutique\/wp-json\/wp\/v2\/posts\/156\/revisions"}],"predecessor-version":[{"id":1787,"href":"https:\/\/scriptdoctor.fr\/boutique\/wp-json\/wp\/v2\/posts\/156\/revisions\/1787"}],"wp:attachment":[{"href":"https:\/\/scriptdoctor.fr\/boutique\/wp-json\/wp\/v2\/media?parent=156"}],"wp:term":[{"taxonomy":"category","embeddable":true,"href":"https:\/\/scriptdoctor.fr\/boutique\/wp-json\/wp\/v2\/categories?post=156"},{"taxonomy":"post_tag","embeddable":true,"href":"https:\/\/scriptdoctor.fr\/boutique\/wp-json\/wp\/v2\/tags?post=156"}],"curies":[{"name":"wp","href":"https:\/\/api.w.org\/{rel}","templated":true}]}}